{"id":1289,"date":"2022-10-31T15:25:05","date_gmt":"2022-10-31T15:25:05","guid":{"rendered":"https:\/\/www.laas.lv\/agrilink\/?p=1289"},"modified":"2022-11-05T15:28:26","modified_gmt":"2022-11-05T15:28:26","slug":"eiropas-komisijas-regulas-543-2011-auglu-un-darzenu-tirdzniecibas-standarti-grozijuma-projekts","status":"publish","type":"post","link":"https:\/\/www.laas.lv\/agrilink\/2022\/10\/31\/eiropas-komisijas-regulas-543-2011-auglu-un-darzenu-tirdzniecibas-standarti-grozijuma-projekts\/","title":{"rendered":"Eiropas Komisijas Regulas 543\/2011 (aug\u013cu un d\u0101rze\u0146u tirdzniec\u012bbas standarti) groz\u012bjuma projekts"},"content":{"rendered":"\n<p>Eiropas Komisijas Regulas 543\/2011 (aug\u013cu un d\u0101rze\u0146u tirdzniec\u012bbas standarti) groz\u012bjuma projekts atk\u0101rtotai izskat\u012b\u0161anai (pielikums), kur\u0161 jau ir preciz\u0113ts atbilsto\u0161i iepriek\u0161 sa\u0146emtajiem dal\u012bbvalstu koment\u0101riem. Par preciz\u0113to redakciju mums atkal ir iesp\u0113ja sniegt savus koment\u0101rus, t\u0101p\u0113c l\u016bdzu  J\u016bsu viedokli <\/p>\n\n\n\n<p>Izv\u0113rt\u0113jot dokumenta projektu, l\u016bdzu &nbsp;piev\u0113rst uzman\u012bbu&nbsp;<strong>5.pantam,<\/strong>&nbsp;jo par \u0161o pantu bija visliel\u0101k\u0101s diskusijas. T\u0101p\u0113c grib\u0113tu dzird\u0113t J\u016bsu skat\u012bjumu, \u012bpa\u0161i par&nbsp;<strong>5.panta b<\/strong>):<\/p>\n\n\n\n<ol class=\"wp-block-list\" type=\"1\" start=\"1\">\n<li>vai m\u0113s piekr\u012btam, ka uz grieztiem produktiem neattiecin\u0101s visp\u0101r\u012bgo tirdzniec\u012bbas standartu vai, J\u016bsupr\u0101t, tom\u0113r vajadz\u0113tu saglab\u0101t visp\u0101r\u012bg\u0101 tirdzniec\u012bbas standarta pras\u012bbas? Varb\u016bt v\u0113l k\u0101dus produktus vajag iek\u013caut zem iz\u0146\u0113mumiem, piem\u0113ram, da\u017eas dal\u012bbvalstis grib d\u012bgstus.<\/li>\n\n\n\n<li>Par mar\u0137\u0113\u0161anu \u2013 vai Jums lab\u0101k b\u016btu, ka uz \u0161\u0101diem produktiem ar Regulu tiek noteikts&nbsp;konkr\u0113ts mar\u0137\u0113\u0161anas datuma veids, t.i., \u201cIeteicams l\u012bdz\u201d VAI \u201cIzlietot l\u012bdz\u201d VAI b\u016btu lab\u0101k, ja J\u016bs k\u0101 ra\u017eot\u0101ji pa\u0161i izv\u0113l\u0113tos, kur\u0161 no datuma veidiem J\u016bsu ra\u017eotajam produktam b\u016btu piem\u0113rot\u0101ks (tas noz\u012bm\u0113, ka Regul\u0101 b\u016btu visp\u0101r\u012bga atsauce uz mar\u0137\u0113\u0161anas regulu Nr. R.1169\/2011)?.<\/li>\n<\/ol>\n\n\n\n<p>Par&nbsp;<strong>5.panta d) apak\u0161punktu<\/strong>. Vai piekr\u012btam?<\/p>\n\n\n\n<p>Par&nbsp;<strong>7.pantu<\/strong>\u2013 l\u016bdz v\u0113lreiz paskat\u012bt 7.panta 3.punktu, jo ar\u012b \u0161eit bija diskusija, k\u0101di pavaddokumenti ir nepiecie\u0161ami. Vai vajag abus (3.Invoices and accompanying documents)? Da\u017eas dal\u012bbvalstis grib Regul\u0101 patur\u0113t abus, jo uzskata, ka t\u0101d\u0113j\u0101di ir viegl\u0101k izsekot produkta izcelsmes valstij; savuk\u0101rt citas saka, ka pietiek ar pavaddokumentiem. K\u0101ds ir J\u016bsu viedoklis?<\/p>\n\n\n\n<p>Darba grup\u0101 daudz diskusiju bija ar\u012b par&nbsp;<strong>ban\u0101nu standartu<\/strong>, par specifisk\u0101m liet\u0101m. Ja ir v\u0113lme izteikties par \u0161o standartu, ar\u012b varat man s\u016bt\u012bt koment\u0101rus.<\/p>\n\n\n\n<p>V\u0113l inform\u0101cijai \u2013 t\u0101 k\u0101 no m\u016bsu puses bija ba\u017eas par kalt\u0113tu aug\u013cu standart\u0101 noteikto mitruma saturu, tad es nos\u016bt\u012bju Eiropas Komisijai viedokli, ka m\u0113s no savas puses nev\u0113l\u0113tos specifisko standartu \u0161iem produktiem. Izr\u0101d\u012bj\u0101s, ka \u0161\u0101du viedokli paudu\u0161as ar\u012b vairums citu dal\u012bbvalstu, t\u0101p\u0113c, k\u0101 redzat, kalt\u0113tu aug\u013cu un riekstu standarts \u0161obr\u012bd ir sv\u012btrots no Regulas projekta.<\/p>\n\n\n\n<p>Darba grupas san\u0101ksm\u0113 EK inform\u0113ja, ka pl\u0101nots laist apstiprin\u0101\u0161anai kop\u0101 da\u017e\u0101du nozaru tirdzniec\u012bbas standartus, l\u012bdz ar to jaun\u0101 aug\u013cu un d\u0101rze\u0146u standartu regul\u0113jama pie\u0146em\u0161ana p\u0101rce\u013cas uz n\u0101kam\u0101 gada s\u0101kumu.<\/p>\n","protected":false},"excerpt":{"rendered":"<p>Eiropas Komisijas Regulas 543\/2011 (aug\u013cu un d\u0101rze\u0146u tirdzniec\u012bbas standarti) groz\u012bjuma projekts atk\u0101rtotai izskat\u012b\u0161anai (pielikums), kur\u0161 jau ir preciz\u0113ts atbilsto\u0161i iepriek\u0161 sa\u0146emtajiem dal\u012bbvalstu koment\u0101riem. Par preciz\u0113to redakciju mums atkal ir iesp\u0113ja sniegt savus koment\u0101rus, t\u0101p\u0113c l\u016bdzu J\u016bsu viedokli Izv\u0113rt\u0113jot dokumenta projektu, l\u016bdzu &nbsp;piev\u0113rst uzman\u012bbu&nbsp;5.pantam,&nbsp;jo par \u0161o pantu bija visliel\u0101k\u0101s diskusijas. T\u0101p\u0113c grib\u0113tu dzird\u0113t J\u016bsu skat\u012bjumu, \u012bpa\u0161i [&hellip;]<\/p>\n","protected":false},"author":2,"featured_media":0,"comment_status":"open","ping_status":"open","sticky":false,"template":"","format":"standard","meta":{"_jetpack_memberships_contains_paid_content":false,"footnotes":""},"categories":[1],"tags":[],"class_list":["post-1289","post","type-post","status-publish","format-standard","hentry","category-dazadi"],"jetpack_featured_media_url":"","jetpack_sharing_enabled":true,"_links":{"self":[{"href":"https:\/\/www.laas.lv\/agrilink\/wp-json\/wp\/v2\/posts\/1289","targetHints":{"allow":["GET"]}}],"collection":[{"href":"https:\/\/www.laas.lv\/agrilink\/wp-json\/wp\/v2\/posts"}],"about":[{"href":"https:\/\/www.laas.lv\/agrilink\/wp-json\/wp\/v2\/types\/post"}],"author":[{"embeddable":true,"href":"https:\/\/www.laas.lv\/agrilink\/wp-json\/wp\/v2\/users\/2"}],"replies":[{"embeddable":true,"href":"https:\/\/www.laas.lv\/agrilink\/wp-json\/wp\/v2\/comments?post=1289"}],"version-history":[{"count":1,"href":"https:\/\/www.laas.lv\/agrilink\/wp-json\/wp\/v2\/posts\/1289\/revisions"}],"predecessor-version":[{"id":1290,"href":"https:\/\/www.laas.lv\/agrilink\/wp-json\/wp\/v2\/posts\/1289\/revisions\/1290"}],"wp:attachment":[{"href":"https:\/\/www.laas.lv\/agrilink\/wp-json\/wp\/v2\/media?parent=1289"}],"wp:term":[{"taxonomy":"category","embeddable":true,"href":"https:\/\/www.laas.lv\/agrilink\/wp-json\/wp\/v2\/categories?post=1289"},{"taxonomy":"post_tag","embeddable":true,"href":"https:\/\/www.laas.lv\/agrilink\/wp-json\/wp\/v2\/tags?post=1289"}],"curies":[{"name":"wp","href":"https:\/\/api.w.org\/{rel}","templated":true}]}}